{"id":846,"date":"2023-04-21T12:58:27","date_gmt":"2023-04-21T10:58:27","guid":{"rendered":"https:\/\/consfrancoforte.esteri.it\/news\/dal_consolato\/2023\/02\/italo-calvino-100-ciclo-di-incontri\/"},"modified":"2023-09-22T10:54:09","modified_gmt":"2023-09-22T08:54:09","slug":"italo-calvino-100-ciclo-di-incontri","status":"publish","type":"post","link":"https:\/\/consfrancoforte.esteri.it\/it\/news\/dal_consolato\/2023\/04\/italo-calvino-100-ciclo-di-incontri\/","title":{"rendered":"&#8220;Italo Calvino e la scienza:scienziate e scienziati italiani leggono e commentano pagine scelte &#8221; &#8211; Ciclo di incontri digitali  &#8211; #ItaloCalvino100"},"content":{"rendered":"<p>In occasione del centenario della nascita, avvenuta il 15 ottobre 1923. dello scrittore italiano Italo Calvino, questo Consolato Generale d&#8217;Italia ha ideato e realizzato una serie di incontri dal titolo <strong>&#8220;Italo Calvino e la scienza. Scienziate e scienziati italiani leggono e commentano pagine scelte\u201d.<\/strong><\/p>\n<p>Calvino \u00e8 stato scrittore, giornalista, saggista prolifico, intellettuale attento, commentatore acuto e mai banale della realt\u00e0 e dei fatti del suo tempo, non solo letterari ma anche sociali, culturali, politici e scientifici. \u00c8, inoltre, tra gli autori italiani pi\u00f9 diffusi e conosciuti nel mondo ed anche in Germania.<\/p>\n<p>Nel 1957 si registra la prima traduzione tedesca, proprio con una casa editrice di Francoforte, la S. Fischer Verlag\u00a0 del libro &#8220;Il Visconte dimezzato&#8221;\u00a0 a cui seguiranno tante altre traduzioni di interessanti e fondamentali opere.<\/p>\n<p>Calvino infatti sa conquistare l\u2019interesse e la curiosit\u00e0 del pubblico europeo ed internazionale. Fino ad oggi, i libri di Calvino sono stati pubblicati in ben 64 paesi (tra cui ampiamente anche nei paesi di lingua tedesca) e in 45 lingue diverse.<\/p>\n<p>Per l&#8217;Ufficio culturale, che ne ha curato la realizzazione, 2 scienziate e tre scienziati italiani hanno accettato di prestare la propria voce alla lettura di testi di Calvino e di commentarli alla luce delle scoperte pi\u00f9 recenti e del loro rapporto con il grande autore.<\/p>\n<p>Dopo il saluto introduttivo del Console Generale Andrea Sam\u00e0 (<a href=\"https:\/\/www.youtube.com\/watch?v=v0OZEqaGVZo\">https:\/\/www.youtube.com\/watch?v=v0OZEqaGVZo<\/a>) troverete, a partire da oggi e fino a fine maggio, i 5 incontri digitali sul canale You Tube &#8220;Italyinffm&#8221;<\/p>\n<p><a href=\"https:\/\/www.youtube.com\/\">https:\/\/www.youtube.com\/<\/a><a href=\"https:\/\/www.youtube.com\/\">@italyinffm8851<\/a><\/p>\n<p>Hanno partecipato al ciclo: Prof. Guido Tonelli (Univ. di Pisa) , Prof.ssa Alberica Toia (Univ. J.W. Goethe) , Dr. Paolo Ferri (ESA-ESOC), Prof.ssa Sara Buson (Univ. di W\u00fcrzburg), Prof. Telmo Pievani (Univ. di Padova)<\/p>\n<p>Una rassegna in\u00a0 collaborazione\u00a0con l&#8217;Italienforum dell&#8217;Universit\u00e0\u00a0 &#8220;J. W. Goethe&#8221; di Francoforte sul Meno.<\/p>\n","protected":false},"excerpt":{"rendered":"In occasione del centenario della nascita, avvenuta il 15 ottobre 1923. dello scrittore italiano Italo Calvino, questo Consolato Generale d&#8217;Italia ha ideato e realizzato una serie di incontri dal titolo &#8220;Italo Calvino e la scienza. Scienziate e scienziati italiani leggono e commentano pagine scelte\u201d. Calvino \u00e8 stato scrittore, giornalista, saggista prolifico, intellettuale attento, commentatore acuto [&hellip;]","protected":false},"author":1,"featured_media":0,"comment_status":"closed","ping_status":"closed","sticky":false,"template":"","format":"standard","meta":{"footnotes":""},"tags":[29],"class_list":["post-846","post","type-post","status-publish","format-standard","hentry","tag-n"],"_links":{"self":[{"href":"https:\/\/consfrancoforte.esteri.it\/it\/wp-json\/wp\/v2\/posts\/846","targetHints":{"allow":["GET"]}}],"collection":[{"href":"https:\/\/consfrancoforte.esteri.it\/it\/wp-json\/wp\/v2\/posts"}],"about":[{"href":"https:\/\/consfrancoforte.esteri.it\/it\/wp-json\/wp\/v2\/types\/post"}],"author":[{"embeddable":true,"href":"https:\/\/consfrancoforte.esteri.it\/it\/wp-json\/wp\/v2\/users\/1"}],"replies":[{"embeddable":true,"href":"https:\/\/consfrancoforte.esteri.it\/it\/wp-json\/wp\/v2\/comments?post=846"}],"version-history":[{"count":4,"href":"https:\/\/consfrancoforte.esteri.it\/it\/wp-json\/wp\/v2\/posts\/846\/revisions"}],"predecessor-version":[{"id":1669,"href":"https:\/\/consfrancoforte.esteri.it\/it\/wp-json\/wp\/v2\/posts\/846\/revisions\/1669"}],"wp:attachment":[{"href":"https:\/\/consfrancoforte.esteri.it\/it\/wp-json\/wp\/v2\/media?parent=846"}],"wp:term":[{"taxonomy":"post_tag","embeddable":true,"href":"https:\/\/consfrancoforte.esteri.it\/it\/wp-json\/wp\/v2\/tags?post=846"}],"curies":[{"name":"wp","href":"https:\/\/api.w.org\/{rel}","templated":true}]}}