{"id":7735,"date":"2025-11-24T10:23:39","date_gmt":"2025-11-24T09:23:39","guid":{"rendered":"https:\/\/consfrancoforte.esteri.it\/?p=7735"},"modified":"2025-11-28T12:11:08","modified_gmt":"2025-11-28T11:11:08","slug":"ciclo-di-incontri-fokus-emilia-romagna-7-11-e-28-11-25-deutsch-italienische-vereinigung-francoforte","status":"publish","type":"post","link":"https:\/\/consfrancoforte.esteri.it\/it\/news\/dal_consolato\/2025\/11\/ciclo-di-incontri-fokus-emilia-romagna-7-11-e-28-11-25-deutsch-italienische-vereinigung-francoforte\/","title":{"rendered":"CICLO DI INCONTRI &#8211; FOKUS EMILIA ROMAGNA &#8211; 7.11. e 28.11.25 &#8211; Deutsch-italienische Vereinigung Francoforte"},"content":{"rendered":"<p>L&#8217;Assia e l\u2019Emilia-Romagna sono gemellate dal 1992. L&#8217;Emilia-Romagna \u00e8 una regione italiana con una ricca tradizione culturale ed \u00e8 quindi un esempio del regionale panorama culturale italiano. Bologna, capoluogo di regione, rappresenta uno dei centri di ricerca pi\u00f9 importanti del Paese grazie alla sua universit\u00e0 (la pi\u00f9 antica d&#8217;Europa).<\/p>\n<p>La tradizione letteraria contemporanea bolognese ed emiliano-romagnola \u00e8 caratterizzata da numerosi autori e correnti, che hanno fatto da apripista all&#8217;impegno regionale e internazionale della letteratura italiana. Dopo Umberto Eco e Stefano Benni, questo vale anche per il gruppo delle Voci della pianura con Daniele Benati, Ermanno Cavazzoni e Gianni Celati, le sperimentazioni letterarie di Luigi Malerba e il romanzo poliziesco con Marcello Fois, Carlo Lucarelli e altri. Nel complesso, la scena letteraria bolognese pu\u00f2 essere descritta come una delle pi\u00f9 innovative e sperimentali d&#8217;Italia.<\/p>\n<p>Il fulcro della serie di eventi \u00e8 costituito da <strong>due serate di discussione-confronto<\/strong> con autori emiliano-romagnoli, incentrate sulle tendenze attuali della letteratura emiliano-romagnola contemporanea, rispettivamente il<strong> 7.11 e il 28.11.2025, presso la Deutsch-Italienische Vereinigung<\/strong> (Arndt Str. 12) a Francoforte.<\/p>\n<p><span style=\"color: #ff0000;\"><strong>7.11.2025 h 19:30<\/strong><\/span><\/p>\n<p><strong>\u201cOltre i fratelli Grimm\u2026Una nuova poetica del fantastico nel romanzo&#8221;<\/strong><\/p>\n<p><strong>\u201eJenseits der Br\u00fcder Grimm \u2026\u201c Eine neue Poetik des Fantastischen im Roman\u201d<\/strong><\/p>\n<p><strong>Simona Vinci e Andrea Tarabbia in dialogo\/im Gespr\u00e4ch<\/strong><\/p>\n<p>Moderazione\/Moderation: Emiliano Visconti<\/p>\n<p>In lingua italiana\/In italienischer Sprache. Traduzione in tedesco\/ \u00dcbersetzung ins Deutsche: Marina Grones<\/p>\n<p>Ort: Arndtstra\u00dfe 12, Frankfurt am Main-Westend<\/p>\n<p><strong><em>Ingresso\/Eintritt:\u00a0<\/em> <\/strong>\u20ac 10, f\u00fcr Mitglieder \u20ac 8 &#8211; Ingresso gratuito per gli studenti\/Studierende frei.<\/p>\n<p>Si prega di prenotare\/Um Anmeldung wird gebeten: div@div-web.de<\/p>\n<p><a href=\"https:\/\/consfrancoforte.esteri.it\/wp-content\/uploads\/2025\/10\/Nuovo_OltreifratelliGrimm_Vinci_Tarabbia.pdf\">Locandina-invito (in IT)<\/a>\u00a0 &#8211;\u00a0 <a href=\"https:\/\/consfrancoforte.esteri.it\/wp-content\/uploads\/2025\/10\/Neeu_JenseitsderBruderGrimm_Vinci_Tarabbia.pdf\">Einladung (auf Deutsch)<\/a><\/p>\n<p><strong>Con il Patrocinio e il sostegno del Consolato Generale d\u2019Italia a Francoforte<\/strong><\/p>\n<p style=\"text-align: center;\">###<\/p>\n<p><span style=\"color: #ff0000;\"><em><strong>28.11.2025 , h<\/strong> <strong>19.30<\/strong>\u00a0<\/em><\/span><\/p>\n<p><strong>\u201eVariazioni sul Noir\/<\/strong><strong>Variationen des <em>noir<\/em>\u201c<\/strong><\/p>\n<p><strong>Carlo Lucarelli und Marcello Fois in dialogo\/im Gespr\u00e4ch<\/strong><\/p>\n<p>Moderazione\/Moderation: Emiliano Visconti, in italiano con traduzione in tedesco\/in italienischer Sprache mit \u00dcbersetzung ins Deutsche<\/p>\n<p>Ort: Arndtstra\u00dfe 12, Frankfurt am Main-Westend<\/p>\n<p><strong><em>Ingresso\/Eintritt:\u00a0<\/em> <\/strong>\u20ac 10, f\u00fcr Mitglieder \u20ac 8 &#8211; Ingresso gratuito per gli studenti\/Studierende frei.<\/p>\n<p>Si consiglia la prenotazione \/Um Anmeldung wird gebeten: <a href=\"mailto:div@div-web.de\">div@div-web.de<\/a><\/p>\n<p><a href=\"https:\/\/consfrancoforte.esteri.it\/wp-content\/uploads\/2025\/11\/DIV_2025_Variazionisulnoir_Lucarelli_Fois.pdf\">Locandina-invito (in IT)<\/a><\/p>\n<p><strong>Con il Patrocinio e il sostegno del Consolato Generale d\u2019Italia a Francoforte<\/strong><\/p>\n","protected":false},"excerpt":{"rendered":"L&#8217;Assia e l\u2019Emilia-Romagna sono gemellate dal 1992. L&#8217;Emilia-Romagna \u00e8 una regione italiana con una ricca tradizione culturale ed \u00e8 quindi un esempio del regionale panorama culturale italiano. Bologna, capoluogo di regione, rappresenta uno dei centri di ricerca pi\u00f9 importanti del Paese grazie alla sua universit\u00e0 (la pi\u00f9 antica d&#8217;Europa). La tradizione letteraria contemporanea bolognese ed [&hellip;]","protected":false},"author":6,"featured_media":0,"comment_status":"closed","ping_status":"closed","sticky":false,"template":"","format":"standard","meta":{"footnotes":""},"tags":[],"class_list":["post-7735","post","type-post","status-publish","format-standard","hentry"],"_links":{"self":[{"href":"https:\/\/consfrancoforte.esteri.it\/it\/wp-json\/wp\/v2\/posts\/7735","targetHints":{"allow":["GET"]}}],"collection":[{"href":"https:\/\/consfrancoforte.esteri.it\/it\/wp-json\/wp\/v2\/posts"}],"about":[{"href":"https:\/\/consfrancoforte.esteri.it\/it\/wp-json\/wp\/v2\/types\/post"}],"author":[{"embeddable":true,"href":"https:\/\/consfrancoforte.esteri.it\/it\/wp-json\/wp\/v2\/users\/6"}],"replies":[{"embeddable":true,"href":"https:\/\/consfrancoforte.esteri.it\/it\/wp-json\/wp\/v2\/comments?post=7735"}],"version-history":[{"count":6,"href":"https:\/\/consfrancoforte.esteri.it\/it\/wp-json\/wp\/v2\/posts\/7735\/revisions"}],"predecessor-version":[{"id":8123,"href":"https:\/\/consfrancoforte.esteri.it\/it\/wp-json\/wp\/v2\/posts\/7735\/revisions\/8123"}],"wp:attachment":[{"href":"https:\/\/consfrancoforte.esteri.it\/it\/wp-json\/wp\/v2\/media?parent=7735"}],"wp:term":[{"taxonomy":"post_tag","embeddable":true,"href":"https:\/\/consfrancoforte.esteri.it\/it\/wp-json\/wp\/v2\/tags?post=7735"}],"curies":[{"name":"wp","href":"https:\/\/api.w.org\/{rel}","templated":true}]}}