{"id":5128,"date":"2024-12-20T13:08:10","date_gmt":"2024-12-20T12:08:10","guid":{"rendered":"https:\/\/consfrancoforte.esteri.it\/?p=5128"},"modified":"2024-12-20T13:08:10","modified_gmt":"2024-12-20T12:08:10","slug":"avviso-per-la-raccolta-di-manifestazioni-di-interesse-non-vincolante-affidamento-lavori-di-riqualificazione-funzionale","status":"publish","type":"post","link":"https:\/\/consfrancoforte.esteri.it\/it\/news\/dal_consolato\/2024\/12\/avviso-per-la-raccolta-di-manifestazioni-di-interesse-non-vincolante-affidamento-lavori-di-riqualificazione-funzionale\/","title":{"rendered":"AVVISO PER LA RACCOLTA DI MANIFESTAZIONI DI INTERESSE NON VINCOLANTE &#8211; AFFIDAMENTO LAVORI DI RIQUALIFICAZIONE FUNZIONALE"},"content":{"rendered":"<p>AVVISO PER LA RACCOLTA DI MANIFESTAZIONI DI INTERESSE NON VINCOLANTE<br \/>\n(art. 10 comma 1 del DM 192\/2017 \u2013 raccolta finalizzata all\u2019individuazione di operatori economici)<\/p>\n<p><strong>Caratteristiche tecniche dell\u2019intervento:<\/strong> Riqualificazione funzionale civile ed impiantistica ad uso uffici aperti al pubblico dell\u2019edificio patrimoniale di Eschersheimer Landstrasse 23 \u2013 Importo stimato circa 3,5 mln di Euro, Tempi stimati circa 550 gg.<\/p>\n<p><strong>Requisiti di ordine generale:<\/strong> insussistenza cause d\u2019esclusione di cui all\u2019art. 57 Direttiva 2014\/24\/UE, all\u2019art. 9 del D.M. 192\/2017, agli artt. 94 e 95 del D.LGS. 36\/2023 ed equivalente normativa tedesca.<\/p>\n<p><strong>Iscrizione ai registri:<\/strong> soggetti prequalificati secondo le disposizioni tedesche in materia, per la categoria 611.02 presso la \u201cVerein f\u00fcr die Pr\u00e4qualifikation von Bauunternehmen e.V.\u201d.<\/p>\n<p><strong>Capacit\u00e0 economico-finanziaria:<\/strong><br \/>\nFatturato minimo annuo pari a 0,9 volte il valore stimato nei tre migliori esercizi sull\u2019arco dell\u2019ultimo quinquennio (2019 \u2013 2023).<\/p>\n<p><strong>Capacit\u00e0 tecniche e professionali:<\/strong><br \/>\nReferenze su lavori regolarmente eseguiti negli ultimi 10 (dieci) anni (2014 \u2013 2023) con le seguenti caratteristiche minime:<\/p>\n<ul>\n<li>Lavori completi di ristrutturazione su almeno un edificio ad uso amministrativo pubblico o privato;<\/li>\n<li>Tale edificio, o al minimo la porzione oggetto dei lavori, dovr\u00e0 avere avuto una superficie complessiva commerciale di almeno 1.400 mq;<\/li>\n<li>In tale lavoro o altro comunque eseguito nel medesimo periodo temporale e di dimensioni di almeno 1.400 mq di superficie commerciale, avr\u00e0 eseguito direttamente o gestito come capocommessa la rimozione e lo smaltimento di materiali nocivi secondo gli obblighi della normativa locale;<\/li>\n<li>In tale lavoro o altro comunque eseguito nel medesimo periodo temporale avr\u00e0 eseguito direttamente, o gestito come capocommessa lavori di installazione di impianti riscaldamento\/acqua calda con potenza termica nominale caldaia almeno di 160 kW;<\/li>\n<li>In tale lavoro o altro comunque eseguito nel medesimo periodo temporale avr\u00e0 eseguito direttamente, o gestito come capocommessa lavori di installazione di impianti di climatizzazione con potenza frigorifera nominale caldaia almeno di 30 kW.<\/li>\n<li>Avere minimo 5 dipendenti in organico con la qualifica e abilitazione di personale direttivo tecnico (Technisches Leitungspersonal) dei quali almeno un Ingegnere per le strutture (ai sensi della normativa tedesca) e un Ingegnere per gli impianti tecnici (ai sensi della normativa tedesca)<\/li>\n<\/ul>\n<p>Ci si riserva di effettuare controlli a campione sui Requisiti e sulle Referenze.<\/p>\n<p>Il Consolato Generale si riserva di contattare direttamente le societ\u00e0 che manifestino l\u2019interesse ad essere invitate, al fine di richiedere la sottoscrizione da parte del legale rappresentante di una dichiarazione legalmente vincolante sul rispetto e possesso al momento della sottoscrizione dei requisiti qui descritti.<\/p>\n<p>Le dichiarazioni recheranno l\u2019autorizzazione al trattamento dei dati ai fini della privacy.<br \/>\nIn assenza della sottoscrizione di tale dichiarazione, il Consolato Generale non inviter\u00e0 l\u2019operatore economico a presentare una offerta indipendentemente da ogni altro requisito o caratteristica che questi possieda oppure dichiari di possedere.<\/p>\n<p>Il Consolato Generale proceder\u00e0 ad invitare direttamente gli operatori economici che riterr\u00e0 pi\u00f9 idonei, e che comunque soddisfino integralmente tutti i requisiti qui descritti senza eccezioni, a presentare una offerta economica, descrivendo la procedura da seguire, i criteri di valutazione delle offerte e di aggiudicazione dell\u2019incarico.<\/p>\n<p>Il presente avviso rimarr\u00e0 valido per almeno 30 giorni dalla data di pubblicazione. Il Consolato Generale avviser\u00e0 su questo sito quando l\u00b4avviso non sar\u00e0 pi\u00f9 valido.<\/p>\n<p>Si prega di inviare propria manifestazione all\u2019indirizzo mail: <a href=\"mailto:segr.francoforte@esteri.it\">segr.francoforte@esteri.it<\/a> .<\/p>\n<p>Data Pubblicazione: 20 dicembre 2024<\/p>\n","protected":false},"excerpt":{"rendered":"AVVISO PER LA RACCOLTA DI MANIFESTAZIONI DI INTERESSE NON VINCOLANTE (art. 10 comma 1 del DM 192\/2017 \u2013 raccolta finalizzata all\u2019individuazione di operatori economici) Caratteristiche tecniche dell\u2019intervento: Riqualificazione funzionale civile ed impiantistica ad uso uffici aperti al pubblico dell\u2019edificio patrimoniale di Eschersheimer Landstrasse 23 \u2013 Importo stimato circa 3,5 mln di Euro, Tempi stimati circa [&hellip;]","protected":false},"author":9,"featured_media":0,"comment_status":"closed","ping_status":"closed","sticky":false,"template":"","format":"standard","meta":{"footnotes":""},"tags":[],"class_list":["post-5128","post","type-post","status-publish","format-standard","hentry"],"_links":{"self":[{"href":"https:\/\/consfrancoforte.esteri.it\/it\/wp-json\/wp\/v2\/posts\/5128","targetHints":{"allow":["GET"]}}],"collection":[{"href":"https:\/\/consfrancoforte.esteri.it\/it\/wp-json\/wp\/v2\/posts"}],"about":[{"href":"https:\/\/consfrancoforte.esteri.it\/it\/wp-json\/wp\/v2\/types\/post"}],"author":[{"embeddable":true,"href":"https:\/\/consfrancoforte.esteri.it\/it\/wp-json\/wp\/v2\/users\/9"}],"replies":[{"embeddable":true,"href":"https:\/\/consfrancoforte.esteri.it\/it\/wp-json\/wp\/v2\/comments?post=5128"}],"version-history":[{"count":1,"href":"https:\/\/consfrancoforte.esteri.it\/it\/wp-json\/wp\/v2\/posts\/5128\/revisions"}],"predecessor-version":[{"id":5131,"href":"https:\/\/consfrancoforte.esteri.it\/it\/wp-json\/wp\/v2\/posts\/5128\/revisions\/5131"}],"wp:attachment":[{"href":"https:\/\/consfrancoforte.esteri.it\/it\/wp-json\/wp\/v2\/media?parent=5128"}],"wp:term":[{"taxonomy":"post_tag","embeddable":true,"href":"https:\/\/consfrancoforte.esteri.it\/it\/wp-json\/wp\/v2\/tags?post=5128"}],"curies":[{"name":"wp","href":"https:\/\/api.w.org\/{rel}","templated":true}]}}