{"id":4062,"date":"2024-12-03T11:10:37","date_gmt":"2024-12-03T10:10:37","guid":{"rendered":"https:\/\/consfrancoforte.esteri.it\/?p=4062"},"modified":"2024-12-31T10:45:45","modified_gmt":"2024-12-31T09:45:45","slug":"mostra-la-presenza-dellassenza-das-anwesende-des-abwesenden-12-10-24-2-03-2025-frankfurter-kunstverein-ffm","status":"publish","type":"post","link":"https:\/\/consfrancoforte.esteri.it\/it\/news\/dal_consolato\/2024\/12\/mostra-la-presenza-dellassenza-das-anwesende-des-abwesenden-12-10-24-2-03-2025-frankfurter-kunstverein-ffm\/","title":{"rendered":"Mostra: Das Anwesende des Abwesenden (La presenza dell&#8217;assenza) &#8211; 12.10.24 &#8211; 2.03.2025 &#8211; Frankfurter Kunstverein\/FFM"},"content":{"rendered":"<p>La mostra <em><strong>&#8220;La presenza dell\u2018assenza&#8221; &#8211; <\/strong><\/em>a cura di Franziska Nori, con il supporto scientifico di Anita Lavorato e Laura Perrone &#8211; \u00a0 occuper\u00e0 l&#8217;intera area espositiva del Frankfurter Kunstverein (Steinernes Haus am R\u00f6merberg &#8211; Markt 44 \/FFM)\u00a0 pari a 1.000 m\u00b2 e, a livello tematico, ruoter\u00e0 attorno all&#8217;eterna riflessione umana sul carattere effimero dell\u2019esistenza e le sue forme di rappresentazione nell&#8217;arte. Il titolo allude alla materia come presenza, in cui si inscrivono le tracce del vivente. L&#8217;energia vitale \u00e8 potente ma fugace, lascia un segno, una traccia che, imprigionata nella materia, pu\u00f2 sopravvivere nel tempo.<\/p>\n<p>Una\u00a0 mostra che\u00a0 metter\u00e0 in dialogo opere artistiche e reperti scientifici che esplorano l&#8217;idea di una presenza dell&#8217;assenza in uno spazio di riflessione ampliato. La narrazione curatoriale si spinger\u00e0 fino al fenomeno astrofisico dei buchi neri. L\u2019idea dell\u2019espansione del tempo e dell&#8217;infinit\u00e0 dell&#8217;universo supera l\u2019immaginazione umana e solleva allo stesso tempo domande sulla nostra origine, sulla nostra identit\u00e0. Gli uomini vivono la meraviglia della realt\u00e0 attraverso i sensi del proprio corpo. Questo stesso \u00e8 composto dagli stessi elementi rilasciati dall\u2019esplosione delle stelle nell&#8217;universo, l\u2019azoto nel nostro DNA, il calcio nelle nostre ossa, il ferro nel nostro sangue o il carbonio nelle nostre cellule.<\/p>\n<p>La mostra \u2013\u00a0 aperta al pubblico dal 12 ottobre 2024\u00a0 fino al 2 marzo 2025 \u2013 si configura come un percorso artistico e transdisciplinare tra arte e scienza: opere di importanti artisti e produzioni attuali saranno messe in dialogo spaziale con reperti scientifici, archeologici e paleoantropologici: tra questi vi saranno i calchi del Parco Archeologico di Pompei e grandi opere del artista Toni R. Tivonen, le impronte di Laetoli del Museo di Scienze Naturali di Vienna e monumentali opere del artista Claudio Parmiggiani, disegni lasciati dai nostri antenati preistorici in grotte prestati dal Museo Fiorentino di Preistoria e una grande installazione sul &#8220;Cretto&#8221; di Alberto Burri creata dall&#8217;Associazione Gibellina Parco Culturale. Nonch\u00e8 una speciale collaborazione col Prof. Luciano Rezzolla dell\u2019Istituto di Fisico Teorica dell\u2019Univ. J.W. Goethe\/FFM.<\/p>\n<p>Tutti gli esemplari rimandano a domande esistenziali dell&#8217;essere umano ed esplorano l&#8217;idea delle tracce che si inscrivono nella materia.<\/p>\n<p><strong>Ulteriori informazioni<\/strong> in tedesco e inglese si trovano <a href=\"https:\/\/www.fkv.de\/ausstellung\/das-anwesende-des-abwesenden-materie-und-spuren-abdruecke-des-lebens-in-der-zeit\/\"><strong>a questo link<\/strong><\/a><\/p>\n<p>Comunicati stampa: (in italiano) Inform &#8211;<a href=\"https:\/\/comunicazioneinform.it\/germania-consolato-generale-a-francoforte-italia-paese-ospite-della-fiera-del-libro-2024-due-interessanti-mostre-presentano-il-nostro-paese\/\"> articolo 4.10.2024<\/a><\/p>\n<p><strong><em>Con il Patrocinio del Consolato Generale d&#8217;Italia a Francoforte<\/em><\/strong><\/p>\n","protected":false},"excerpt":{"rendered":"La mostra &#8220;La presenza dell\u2018assenza&#8221; &#8211; a cura di Franziska Nori, con il supporto scientifico di Anita Lavorato e Laura Perrone &#8211; \u00a0 occuper\u00e0 l&#8217;intera area espositiva del Frankfurter Kunstverein (Steinernes Haus am R\u00f6merberg &#8211; Markt 44 \/FFM)\u00a0 pari a 1.000 m\u00b2 e, a livello tematico, ruoter\u00e0 attorno all&#8217;eterna riflessione umana sul carattere effimero dell\u2019esistenza [&hellip;]","protected":false},"author":6,"featured_media":4021,"comment_status":"closed","ping_status":"closed","sticky":false,"template":"","format":"standard","meta":{"footnotes":""},"tags":[],"class_list":["post-4062","post","type-post","status-publish","format-standard","has-post-thumbnail","hentry"],"_links":{"self":[{"href":"https:\/\/consfrancoforte.esteri.it\/it\/wp-json\/wp\/v2\/posts\/4062","targetHints":{"allow":["GET"]}}],"collection":[{"href":"https:\/\/consfrancoforte.esteri.it\/it\/wp-json\/wp\/v2\/posts"}],"about":[{"href":"https:\/\/consfrancoforte.esteri.it\/it\/wp-json\/wp\/v2\/types\/post"}],"author":[{"embeddable":true,"href":"https:\/\/consfrancoforte.esteri.it\/it\/wp-json\/wp\/v2\/users\/6"}],"replies":[{"embeddable":true,"href":"https:\/\/consfrancoforte.esteri.it\/it\/wp-json\/wp\/v2\/comments?post=4062"}],"version-history":[{"count":6,"href":"https:\/\/consfrancoforte.esteri.it\/it\/wp-json\/wp\/v2\/posts\/4062\/revisions"}],"predecessor-version":[{"id":4694,"href":"https:\/\/consfrancoforte.esteri.it\/it\/wp-json\/wp\/v2\/posts\/4062\/revisions\/4694"}],"wp:featuredmedia":[{"embeddable":true,"href":"https:\/\/consfrancoforte.esteri.it\/it\/wp-json\/wp\/v2\/media\/4021"}],"wp:attachment":[{"href":"https:\/\/consfrancoforte.esteri.it\/it\/wp-json\/wp\/v2\/media?parent=4062"}],"wp:term":[{"taxonomy":"post_tag","embeddable":true,"href":"https:\/\/consfrancoforte.esteri.it\/it\/wp-json\/wp\/v2\/tags?post=4062"}],"curies":[{"name":"wp","href":"https:\/\/api.w.org\/{rel}","templated":true}]}}