{"id":3493,"date":"2024-07-03T11:25:00","date_gmt":"2024-07-03T09:25:00","guid":{"rendered":"https:\/\/consfrancoforte.esteri.it\/?p=3493"},"modified":"2024-08-01T11:26:06","modified_gmt":"2024-08-01T09:26:06","slug":"ricordando-franco-basaglia-concerto-jazz-al-fliedner-musiktage-a-neunkirchen-saar-5-07-2024","status":"publish","type":"post","link":"https:\/\/consfrancoforte.esteri.it\/it\/news\/dal_consolato\/2024\/07\/ricordando-franco-basaglia-concerto-jazz-al-fliedner-musiktage-a-neunkirchen-saar-5-07-2024\/","title":{"rendered":"Ricordando Franco Basaglia &#8211; 5.07.24, h 15:00 &#8211; Concerto Jazz al &#8220;Fliedner Musiktage&#8221; a Neunkirchen\/Saar  &#8211;"},"content":{"rendered":"<p style=\"text-align: center;\"><em>La musica come legame tra persone con e senza malattia mentale<\/em><\/p>\n<p>Per il <strong>centenario della nascita dello psichiatra ed intellettuale italiano Franco Basaglia<\/strong> (Venezia 1924 &#8211; Venezia 1980) &#8211; personalit\u00e0 che ha sovvertito il concetto della malattia mentale e dei luoghi della malattia, abolendo i manicomi,\u00a0 ripensando ed innovando le attivit\u00e0 di integrazione nella comunit\u00e0\u00a0 di appartenenza delle persone con disturbi psichiatrici\u00a0 &#8211;\u00a0 e nel quadro del ciclo di concerti aperti a pazienti e cittadinanza dal titolo &#8221; <strong>Fliedner Musiktage<\/strong>&#8220;, ciclo ideato e organizzato dal M\u00b0 e musicoterapista Giuseppe Scorzelli,\u00a0 l&#8217;Italia sar\u00e0 ospite <strong>venerd\u00ec 5 luglio, ore 15:00<\/strong>,\u00a0 nel parco della <strong>Clinica Fliedner di Neunkirchen<\/strong> (Theodor Fliedner Str. 12 \/ Neunkirchen).<\/p>\n<p>In programma un evento musicale del <strong>duo jazzistico\u00a0 Lucia Janniello e Paolo Tombolesi<\/strong>.<\/p>\n<p>I due artisti Lucia Ianniello (tromba) e Paolo Tombolesi (pianoforte) sono tra i pi\u00f9 importanti musicisti della scena jazz italiana e sono noti per la loro versatilit\u00e0 e per i loro contributi innovativi e creativi. Hanno gi\u00e0 pubblicato diversi album e si esibiscono sia come artisti solisti che in ensemble.<\/p>\n<p>Un concerto pensato per ricordare i metodi e gli approcci innovativi\u00a0 di Franco Basaglia, promotore ed iniziatore di una psichiatria rivoluzionaria e di recupero dei pazienti attraverso attivit\u00e0 partecipative, aperte e di comunit\u00e0.<\/p>\n<p><strong>Entrata libera<\/strong><\/p>\n<p>Ulteriori concerti in programma, sempre gratuiti e ad entrata libera,\u00a0 li trovate a questo link: <a href=\"https:\/\/www.kreuznacherdiakonie.de\/aktuelles\/meldung\/neunkirchen-fliedner-musiktage-starten-mit-piano-konzert-1511\">https:\/\/www.kreuznacherdiakonie.de\/aktuelles\/meldung\/neunkirchen-fliedner-musiktage-starten-mit-piano-konzert-1511<\/a><\/p>\n<p>Comunicati stampa: <a href=\"https:\/\/www.saarbruecker-zeitung.de\/saarland\/neunkirchen\/neunkirchen\/fliedner-musiktage-neunkirchen_aid-115421935\">Saarbr\u00fccker Zeitung<\/a> (1.07.2024 &#8211; in tedesco); <a href=\"https:\/\/comunicazioneinform.it\/germania-consolato-generale-ditalia-francoforte-ricordando-franco-basaglia-la-musica-come-legame-tra-persone-con-e-senza-malattia-mentale-concerto-jazz-a-neunkirchen-il-5-luglio\/\">Agenzia di stampa Inform<\/a> (02.07.2024 &#8211; in italiano), <a href=\"https:\/\/www.aise.it\/anno\/ricordando-franco-basaglia-a-francoforte-la-musica-come-legame-tra-persone-con-e-senza-malattia-mentale\/207115\/1\">Agenzia di stampa AISE<\/a> (03.07.2024 &#8211; in italiano)<\/p>\n<p><em><span style=\"color: #0000ff;\">Con il Patrocinio e la collaborazione del Consolato Generale d&#8217;Italia a Francoforte<\/span><\/em><\/p>\n<p>&nbsp;<\/p>\n<p style=\"text-align: center;\"><img loading=\"lazy\" decoding=\"async\" class=\"aligncenter size-medium wp-image-3506 img-fluid\" src=\"https:\/\/consfrancoforte.esteri.it\/wp-content\/uploads\/2024\/06\/Jazz_IT_05-07.2024-169x300.jpg\" alt=\"\" width=\"169\" height=\"300\" srcset=\"https:\/\/consfrancoforte.esteri.it\/wp-content\/uploads\/2024\/06\/Jazz_IT_05-07.2024-169x300.jpg 169w, https:\/\/consfrancoforte.esteri.it\/wp-content\/uploads\/2024\/06\/Jazz_IT_05-07.2024-576x1024.jpg 576w, https:\/\/consfrancoforte.esteri.it\/wp-content\/uploads\/2024\/06\/Jazz_IT_05-07.2024-768x1365.jpg 768w, https:\/\/consfrancoforte.esteri.it\/wp-content\/uploads\/2024\/06\/Jazz_IT_05-07.2024.jpg 1080w\" sizes=\"auto, (max-width: 169px) 100vw, 169px\" \/><\/p>\n","protected":false},"excerpt":{"rendered":"La musica come legame tra persone con e senza malattia mentale Per il centenario della nascita dello psichiatra ed intellettuale italiano Franco Basaglia (Venezia 1924 &#8211; Venezia 1980) &#8211; personalit\u00e0 che ha sovvertito il concetto della malattia mentale e dei luoghi della malattia, abolendo i manicomi,\u00a0 ripensando ed innovando le attivit\u00e0 di integrazione nella comunit\u00e0\u00a0 [&hellip;]","protected":false},"author":6,"featured_media":3532,"comment_status":"closed","ping_status":"closed","sticky":false,"template":"","format":"standard","meta":{"footnotes":""},"tags":[],"class_list":["post-3493","post","type-post","status-publish","format-standard","has-post-thumbnail","hentry"],"_links":{"self":[{"href":"https:\/\/consfrancoforte.esteri.it\/it\/wp-json\/wp\/v2\/posts\/3493","targetHints":{"allow":["GET"]}}],"collection":[{"href":"https:\/\/consfrancoforte.esteri.it\/it\/wp-json\/wp\/v2\/posts"}],"about":[{"href":"https:\/\/consfrancoforte.esteri.it\/it\/wp-json\/wp\/v2\/types\/post"}],"author":[{"embeddable":true,"href":"https:\/\/consfrancoforte.esteri.it\/it\/wp-json\/wp\/v2\/users\/6"}],"replies":[{"embeddable":true,"href":"https:\/\/consfrancoforte.esteri.it\/it\/wp-json\/wp\/v2\/comments?post=3493"}],"version-history":[{"count":6,"href":"https:\/\/consfrancoforte.esteri.it\/it\/wp-json\/wp\/v2\/posts\/3493\/revisions"}],"predecessor-version":[{"id":3678,"href":"https:\/\/consfrancoforte.esteri.it\/it\/wp-json\/wp\/v2\/posts\/3493\/revisions\/3678"}],"wp:featuredmedia":[{"embeddable":true,"href":"https:\/\/consfrancoforte.esteri.it\/it\/wp-json\/wp\/v2\/media\/3532"}],"wp:attachment":[{"href":"https:\/\/consfrancoforte.esteri.it\/it\/wp-json\/wp\/v2\/media?parent=3493"}],"wp:term":[{"taxonomy":"post_tag","embeddable":true,"href":"https:\/\/consfrancoforte.esteri.it\/it\/wp-json\/wp\/v2\/tags?post=3493"}],"curies":[{"name":"wp","href":"https:\/\/api.w.org\/{rel}","templated":true}]}}