{"id":2172,"date":"2024-01-18T09:53:01","date_gmt":"2024-01-18T08:53:01","guid":{"rendered":"https:\/\/consfrancoforte.esteri.it\/?p=2172"},"modified":"2024-02-12T11:58:58","modified_gmt":"2024-02-12T10:58:58","slug":"avviso-di-manifestazione-di-interesse-validazione-progetto-esecutivo","status":"publish","type":"post","link":"https:\/\/consfrancoforte.esteri.it\/it\/news\/dal_consolato\/2024\/01\/avviso-di-manifestazione-di-interesse-validazione-progetto-esecutivo\/","title":{"rendered":"Avviso di manifestazione di interesse &#8211; Validazione progetto esecutivo"},"content":{"rendered":"<p>Il Consolato Generale d&#8217;Italia a Francoforte sul Meno intende indire una selezione per affidare l&#8217;incarico di effettuare la validazione (Due Diligence tecnica) di un progetto esecutivo.<\/p>\n<p>Il progetto esecutivo \u00e8 stato gi\u00e0 completato e riguarda la ristrutturazione di un edificio di cinque piani, con rifacimento integrale degli impianti e degli interni.<\/p>\n<p>Il professionista o societ\u00e0 incaricata di svolgere la Due Diligence tecnica dovr\u00e0 verificare la correttezza tecnica del progetto esecutivo, la attendibilit\u00e0 delle stime economiche e la conformit\u00e0 alle norme e leggi tedesche applicabili.<\/p>\n<p>I professionisti o le societ\u00e0 che siano interessati ad assumere questo incarico sono invitati a manifestare il loro interesse scrivendo una email a <a href=\"mailto:canc.francoforte@esteri.it\">canc.francoforte@esteri.it<\/a> , oppure per lettera scrivendo a<\/p>\n<p>Consolato Generale d&#8217;Italia &#8211; Cancelleria\u00a0 Contabile<\/p>\n<p>Danziger Platz 12 &#8211; 60314 Francoforte sul Meno<\/p>\n<p><span style=\"text-decoration: underline;\"><strong>IL TERMINE PER PRESENTARE LA PROPRIA MANIFESTAZIONE DI INTERESSE E&#8217; ALLE ORE 13 DEL 12 FEBBRAIO 2024:<\/strong><\/span><\/p>\n","protected":false},"excerpt":{"rendered":"Il Consolato Generale d&#8217;Italia a Francoforte sul Meno intende indire una selezione per affidare l&#8217;incarico di effettuare la validazione (Due Diligence tecnica) di un progetto esecutivo. Il progetto esecutivo \u00e8 stato gi\u00e0 completato e riguarda la ristrutturazione di un edificio di cinque piani, con rifacimento integrale degli impianti e degli interni. Il professionista o societ\u00e0 [&hellip;]","protected":false},"author":9,"featured_media":0,"comment_status":"closed","ping_status":"closed","sticky":false,"template":"","format":"standard","meta":{"footnotes":""},"tags":[],"class_list":["post-2172","post","type-post","status-publish","format-standard","hentry"],"_links":{"self":[{"href":"https:\/\/consfrancoforte.esteri.it\/it\/wp-json\/wp\/v2\/posts\/2172","targetHints":{"allow":["GET"]}}],"collection":[{"href":"https:\/\/consfrancoforte.esteri.it\/it\/wp-json\/wp\/v2\/posts"}],"about":[{"href":"https:\/\/consfrancoforte.esteri.it\/it\/wp-json\/wp\/v2\/types\/post"}],"author":[{"embeddable":true,"href":"https:\/\/consfrancoforte.esteri.it\/it\/wp-json\/wp\/v2\/users\/9"}],"replies":[{"embeddable":true,"href":"https:\/\/consfrancoforte.esteri.it\/it\/wp-json\/wp\/v2\/comments?post=2172"}],"version-history":[{"count":2,"href":"https:\/\/consfrancoforte.esteri.it\/it\/wp-json\/wp\/v2\/posts\/2172\/revisions"}],"predecessor-version":[{"id":2312,"href":"https:\/\/consfrancoforte.esteri.it\/it\/wp-json\/wp\/v2\/posts\/2172\/revisions\/2312"}],"wp:attachment":[{"href":"https:\/\/consfrancoforte.esteri.it\/it\/wp-json\/wp\/v2\/media?parent=2172"}],"wp:term":[{"taxonomy":"post_tag","embeddable":true,"href":"https:\/\/consfrancoforte.esteri.it\/it\/wp-json\/wp\/v2\/tags?post=2172"}],"curies":[{"name":"wp","href":"https:\/\/api.w.org\/{rel}","templated":true}]}}