{"id":1083,"date":"2015-04-21T11:21:27","date_gmt":"2015-04-21T09:21:27","guid":{"rendered":"https:\/\/consfrancoforte.esteri.it\/news\/dal_consolato\/2015\/04\/25aprile-2\/"},"modified":"2015-04-21T11:21:27","modified_gmt":"2015-04-21T09:21:27","slug":"25aprile-2","status":"publish","type":"post","link":"https:\/\/consfrancoforte.esteri.it\/it\/news\/dal_consolato\/2015\/04\/25aprile-2\/","title":{"rendered":"Cerimonia del 25 Aprile"},"content":{"rendered":"<p><P>Caro Connazionale,<BR><BR>\u00a0\u00a0\u00a0\u00a0\u00a0 sabato, 25 aprile 2015, avr\u00e0 luogo la celebrazione della ricorrenza della Liberazione.<BR><BR>\u00a0\u00a0\u00a0\u00a0\u00a0 La manifestazione si terr\u00e0 alle ore 11:00 davanti alla lapide posta sul fronte della Paulskirsche di Francoforte \u2013 situata tra Bethmannstra\u00dfe e Berliner Stra\u00dfe \u2013 ove sar\u00e0 deposta una corona di fiori e verr\u00e0 celebrata la Liberazione del nostro Paese.<BR><BR>\u00a0\u00a0\u00a0\u00a0\u00a0 Tutti i connazionali sono caldamente invitati a partecipare e diffondere la notizia affinch\u00e9 la collettivit\u00e0 manifesti numerosa la propria adesione ai valori che questa ricorrenza esprime. <BR><BR>Con i pi\u00f9 cordiali saluti <BR><BR>Min. Plen. Cristiano Cottafavi<BR>Console Generale<BR><\/P><\/p>\n","protected":false},"excerpt":{"rendered":"Caro Connazionale,\u00a0\u00a0\u00a0\u00a0\u00a0 sabato, 25 aprile 2015, avr\u00e0 luogo la celebrazione della ricorrenza della Liberazione.\u00a0\u00a0\u00a0\u00a0\u00a0 La manifestazione si terr\u00e0 alle ore 11:00 davanti alla lapide posta sul fronte della Paulskirsche di Francoforte \u2013 situata tra Bethmannstra\u00dfe e Berliner Stra\u00dfe \u2013 ove sar\u00e0 deposta una corona di fiori e verr\u00e0 celebrata la Liberazione del nostro Paese.\u00a0\u00a0\u00a0\u00a0\u00a0 Tutti [&hellip;]","protected":false},"author":1,"featured_media":0,"comment_status":"","ping_status":"","sticky":false,"template":"","format":"standard","meta":{"footnotes":""},"tags":[29],"class_list":["post-1083","post","type-post","status-publish","format-standard","hentry","tag-n"],"_links":{"self":[{"href":"https:\/\/consfrancoforte.esteri.it\/it\/wp-json\/wp\/v2\/posts\/1083","targetHints":{"allow":["GET"]}}],"collection":[{"href":"https:\/\/consfrancoforte.esteri.it\/it\/wp-json\/wp\/v2\/posts"}],"about":[{"href":"https:\/\/consfrancoforte.esteri.it\/it\/wp-json\/wp\/v2\/types\/post"}],"author":[{"embeddable":true,"href":"https:\/\/consfrancoforte.esteri.it\/it\/wp-json\/wp\/v2\/users\/1"}],"replies":[{"embeddable":true,"href":"https:\/\/consfrancoforte.esteri.it\/it\/wp-json\/wp\/v2\/comments?post=1083"}],"version-history":[{"count":0,"href":"https:\/\/consfrancoforte.esteri.it\/it\/wp-json\/wp\/v2\/posts\/1083\/revisions"}],"wp:attachment":[{"href":"https:\/\/consfrancoforte.esteri.it\/it\/wp-json\/wp\/v2\/media?parent=1083"}],"wp:term":[{"taxonomy":"post_tag","embeddable":true,"href":"https:\/\/consfrancoforte.esteri.it\/it\/wp-json\/wp\/v2\/tags?post=1083"}],"curies":[{"name":"wp","href":"https:\/\/api.w.org\/{rel}","templated":true}]}}