{"id":1070,"date":"2015-09-30T15:08:19","date_gmt":"2015-09-30T13:08:19","guid":{"rendered":"https:\/\/consfrancoforte.esteri.it\/news\/dal_consolato\/2015\/09\/cerimonia\/"},"modified":"2015-09-30T15:08:19","modified_gmt":"2015-09-30T13:08:19","slug":"cerimonia","status":"publish","type":"post","link":"https:\/\/consfrancoforte.esteri.it\/it\/news\/dal_consolato\/2015\/09\/cerimonia\/","title":{"rendered":"Cerimonia in onore dei caduti"},"content":{"rendered":"<p><P><A href=\"\/resource\/2015\/09\/77694_f_cons57Messaggiox081115.pdf\">Messaggio<\/A>\u00a0del Console Generale:<BR><BR>Cari Connazionali,<BR>domenica 8 novembre alle ore 11:00 presso il cimitero di Westhausen a Francoforte si svolger\u00e0 la tradizionale funzione in onore dei nostri Caduti.<BR>Dopo la Santa Messa, che sar\u00e0 celebrata nella Cappella del cimitero, un corteo formato dai presenti e dai membri dell\u2019Associazione Nazionale Alpini (unica associazione di ex combattenti a Francoforte) si avvier\u00e0 al Monumento ai Caduti ove \u2013 a nome di tutta la collettivit\u00e0 italiana \u2013 verr\u00e0 deposta una corona commemorativa.<BR>\u00c8 importante che la collettivit\u00e0 partecipi numerosa a questa significativa celebrazione e confido che ognuno potr\u00e0 farsi carico di avvertire il maggior numero possibile di amici italiani.<BR><BR>Con i miei pi\u00f9 cordiali saluti<BR>Maurizio Canfora<BR>(Console Generale)<BR><\/P><\/p>\n","protected":false},"excerpt":{"rendered":"Messaggio\u00a0del Console Generale:Cari Connazionali,domenica 8 novembre alle ore 11:00 presso il cimitero di Westhausen a Francoforte si svolger\u00e0 la tradizionale funzione in onore dei nostri Caduti.Dopo la Santa Messa, che sar\u00e0 celebrata nella Cappella del cimitero, un corteo formato dai presenti e dai membri dell\u2019Associazione Nazionale Alpini (unica associazione di ex combattenti a Francoforte) si [&hellip;]","protected":false},"author":1,"featured_media":0,"comment_status":"","ping_status":"","sticky":false,"template":"","format":"standard","meta":{"footnotes":""},"tags":[29],"class_list":["post-1070","post","type-post","status-publish","format-standard","hentry","tag-n"],"_links":{"self":[{"href":"https:\/\/consfrancoforte.esteri.it\/it\/wp-json\/wp\/v2\/posts\/1070","targetHints":{"allow":["GET"]}}],"collection":[{"href":"https:\/\/consfrancoforte.esteri.it\/it\/wp-json\/wp\/v2\/posts"}],"about":[{"href":"https:\/\/consfrancoforte.esteri.it\/it\/wp-json\/wp\/v2\/types\/post"}],"author":[{"embeddable":true,"href":"https:\/\/consfrancoforte.esteri.it\/it\/wp-json\/wp\/v2\/users\/1"}],"replies":[{"embeddable":true,"href":"https:\/\/consfrancoforte.esteri.it\/it\/wp-json\/wp\/v2\/comments?post=1070"}],"version-history":[{"count":0,"href":"https:\/\/consfrancoforte.esteri.it\/it\/wp-json\/wp\/v2\/posts\/1070\/revisions"}],"wp:attachment":[{"href":"https:\/\/consfrancoforte.esteri.it\/it\/wp-json\/wp\/v2\/media?parent=1070"}],"wp:term":[{"taxonomy":"post_tag","embeddable":true,"href":"https:\/\/consfrancoforte.esteri.it\/it\/wp-json\/wp\/v2\/tags?post=1070"}],"curies":[{"name":"wp","href":"https:\/\/api.w.org\/{rel}","templated":true}]}}