{"id":9141,"date":"2026-08-17T09:55:57","date_gmt":"2026-08-17T07:55:57","guid":{"rendered":"https:\/\/consfrancoforte.esteri.it\/?p=9141"},"modified":"2026-08-03T10:01:22","modified_gmt":"2026-08-03T08:01:22","slug":"italiainjazz-konzertreihe-mit-italienischen-jazzmusikern","status":"publish","type":"post","link":"https:\/\/consfrancoforte.esteri.it\/de\/news\/dal_consolato\/2026\/08\/italiainjazz-konzertreihe-mit-italienischen-jazzmusikern\/","title":{"rendered":"ItaliainJazz &#8211; Konzertreihe mit italienischen Jazzmusikern"},"content":{"rendered":"<p>\u201eItalia in Jazz\u201c ist eine kleine Konzertreihe, die darauf abzielt, talentierte italienische Jazzmusiker, die auf verschiedenen Instrumenten spielen und sowohl eigene Kompositionen als auch St\u00fccke anderer K\u00fcnstler auff\u00fchren, auf die B\u00fchne zu bringen und sie dem deutschen und italienischen Publikum n\u00e4herzubringen. Eine Musik, die Technik, Erfahrung und den Charme jazziger Kl\u00e4nge vereint, die durch ihre Vielfalt, Fantasie und klangliche F\u00fclle verzaubern vermag.<\/p>\n<p><em>In Zusammenarbeit mit Maestro Giuseppe Scorzelli, Musiker und k\u00fcnstlerischer Leiter einiger Musikfestivals in Italien und Deutschland.<\/em><\/p>\n<p style=\"text-align: center;\">&#8212;&#8212;&#8212;&#8212;&#8212;-<\/p>\n<p style=\"text-align: center;\"><img loading=\"lazy\" decoding=\"async\" class=\"aligncenter size-medium wp-image-10069 img-fluid\" src=\"https:\/\/consfrancoforte.esteri.it\/wp-content\/uploads\/2026\/03\/BonannoMeola_Foto-300x250.jpg\" alt=\"\" width=\"300\" height=\"250\" srcset=\"https:\/\/consfrancoforte.esteri.it\/wp-content\/uploads\/2026\/03\/BonannoMeola_Foto-300x250.jpg 300w, https:\/\/consfrancoforte.esteri.it\/wp-content\/uploads\/2026\/03\/BonannoMeola_Foto.jpg 482w\" sizes=\"auto, (max-width: 300px) 100vw, 300px\" \/><\/p>\n<h4 style=\"text-align: center;\">Alessandro Bonanno &amp; Sofia Meola<\/h4>\n<h4 style=\"text-align: center;\">\u00bbItalia in Jazz\u00ab<\/h4>\n<h5 style=\"text-align: center;\">Konzertabend in Kooperation mit dem Italienischen Generalkonsulat Frankfurt<\/h5>\n<p style=\"text-align: center;\"><strong><span style=\"color: #000080;\">GALLUS THEATER FRANKUFURT<\/span><\/strong><\/p>\n<p style=\"text-align: center;\"><em>Kleyerstra\u00dfe 15\u00a0 \u2013 60326 Frankfurt am Main<\/em><\/p>\n<p style=\"text-align: center;\"><span style=\"color: #000000;\"><b> Samstag, 13.09.26, 18.30 Uhr <\/b><\/span><\/p>\n<p style=\"text-align: center;\"><span style=\"color: #000000;\">Ticketpreis:<b> Eur 15,00<\/b><\/span><\/p>\n<p style=\"text-align: center;\"><span style=\"color: #000000;\"><b><a class=\"Vera\" style=\"color: #000000;\" href=\"https:\/\/www.gallustheater.de\/prog\/vob.php?v=29821950\">F\u00fcr den Vorverkauf clicken sie: <span style=\"color: #ff0000;\">Karten<\/span><\/a><\/b><\/span><\/p>\n<p style=\"text-align: center;\"><a href=\"https:\/\/consfrancoforte.esteri.it\/wp-content\/uploads\/2026\/07\/Konzert130926_LocandinaFFM_ItaliainJazz.pdf\">Plakat<\/a><\/p>\n<p style=\"text-align: center;\">####<\/p>\n<p style=\"text-align: center;\"><span style=\"color: #0000ff;\">HOMBURG (Saar)<\/span><\/p>\n<p style=\"text-align: center;\"><strong><span style=\"color: #000000;\">12.09.2026, h 18:00<\/span><\/strong><\/p>\n<p style=\"text-align: center;\">Pro Seniore Residenz (Konzertsaal)<\/p>\n<p style=\"text-align: center;\">Gerberstr.18\/Homburg<\/p>\n<p style=\"text-align: center;\">Eintritt: 12,00 Euro<\/p>\n<p style=\"text-align: center;\">&#8212;&#8212;&#8212;&#8212;&#8211;<\/p>\n<p>Die gro\u00dfen Klassiker der amerikanischen \u0084Song\u0093s, die zu Jazz-Standards geworden sind, aber auch viele gro\u00dfartige Lieder aus der Tradition des italienischen Jazz, pr\u00e4sentiert mit der warmen und klaren Stimme des jungen Nachwuchstalents Sofia Meola, einer aufstrebenden Jazzs\u00e4ngerin, begleitet am Klavier von Alessandro Bonanno, Pianist, Komponist und Arrangeur, der die Arrangements geschrieben und betreut hat. Im Rahmen des Konzerts werden Musikst\u00fccke aufgef\u00fchrt, die mittlerweile zum Olymp der Klassiker geh\u00f6ren, pr\u00e4sentiert in einer pr\u00e4chtigen und brillanten Version. Au\u00dferdem wird der k\u00fcrzlich verstorbenen S\u00e4ngerin Ornella Vanoni, die auch in Deutschland bekannt ist, eine Hommage gewidmet.<\/p>\n<p>Alessandro Bonanno, geboren 1959 in Palermo, ist diplomierter Pianist, Komponist und Dirigent. Er gewann zahlreiche Preise als klassischer Pianist und Komponist, realisierte Orchesterprojekte in Rom und lehrte an staatlichen italienischen Konservatorien, zuletzt in L&#8217;Aquila.<br \/>\nSofia Meola, in Rom geboren und an der Associazione Musicale Eschilo ausgebildet, ist ein aufstrebendes Talent der r\u00f6mischen Jazzclub-Szene. Sie verf\u00fcgt \u00fcber umfangreiche Live-Erfahrung und war Solos\u00e4ngerin in Big Bands unter der Leitung von Gianni Oddi.<br \/>\nDer Konzertabend wird durch t\u00e4nzerische Interventionen der T\u00e4nzerin Manon Veenstra begleitet. Die Choreografien des italienischen Choreografen Raffaele Irace verbinden sich live mit den Jazz-Kl\u00e4ngen und lassen einen dynamischen Dialog zwischen Musik und Tanz entstehen.<\/p>\n<p>Die Veranstaltung wird pr\u00e4sentiert und unterst\u00fctzt vom Italienischen Generalkonsulat in Frankfurt am Main in Kooperation mit Freigetanzt e.V. und dem Gallus Theater, Stadt Homburg Saar, Pro Seniore Residenz<br \/>\nL&#8217;evento \u00e8 presentato, sostenuto e patrocinato dal Consolato Generale d&#8217;Italia a Francoforte sul Meno in collaborazione con l\u0092Associazione Freigetanzt e.V. e il Gallus Theater.<\/p>\n<p><i> Leitung\/direzione: Alessandro Bonanno, Sofia Meola<br \/>\nPiano \/ pianoforte: Alessandro Bonanno<br \/>\nS\u00e4ngerin \/voce: Sofia Meola<br \/>\nArrangements \/ musica: Duo Bonanno-Meola<br \/>\nChoreographie \/ coreografia: Raffaele Irace<br \/>\nTanz \/ danza: Manon Veenstra<\/i><\/p>\n<p style=\"text-align: center;\">&#8212;&#8212;&#8212;&#8212;-<\/p>\n<p style=\"text-align: center;\"><img loading=\"lazy\" decoding=\"async\" class=\"aligncenter size-medium wp-image-8797 img-fluid\" src=\"https:\/\/consfrancoforte.esteri.it\/wp-content\/uploads\/2026\/02\/SalvoLaFerrera_Foto01-188x300.jpeg\" alt=\"\" width=\"188\" height=\"300\" srcset=\"https:\/\/consfrancoforte.esteri.it\/wp-content\/uploads\/2026\/02\/SalvoLaFerrera_Foto01-188x300.jpeg 188w, https:\/\/consfrancoforte.esteri.it\/wp-content\/uploads\/2026\/02\/SalvoLaFerrera_Foto01-641x1024.jpeg 641w, https:\/\/consfrancoforte.esteri.it\/wp-content\/uploads\/2026\/02\/SalvoLaFerrera_Foto01-768x1226.jpeg 768w, https:\/\/consfrancoforte.esteri.it\/wp-content\/uploads\/2026\/02\/SalvoLaFerrera_Foto01.jpeg 1002w\" sizes=\"auto, (max-width: 188px) 100vw, 188px\" \/><\/p>\n<p style=\"text-align: center;\"><em>(foto: Salvo La Ferrera)<\/em><\/p>\n<p style=\"text-align: center;\"><strong><em>Accordeonkonzert und Pr\u00e4sentation des italienischen Festival Florio Favignana\/Sizilien (2026)<\/em><\/strong><\/p>\n<p style=\"text-align: center;\">Akkordeonist: <strong>Salvo La Ferrera\u00a0<\/strong><\/p>\n<p style=\"text-align: center;\"><strong>Francoforte, 22.03.26, h 17:00\u00a0 \u00a0<\/strong><\/p>\n<p style=\"text-align: center;\">Deutsch-Italienische Vereinigung (Arndt Str. 12\/FFM)<\/p>\n<p style=\"text-align: center;\">Eintritt frei<\/p>\n<p style=\"text-align: center;\">Anmeldung erforderlich bis 19.03.26: <a href=\"mailto:francoforte.culturale@esteri.it\">francoforte.culturale@esteri.it<\/a><\/p>\n<p style=\"text-align: center;\"><a href=\"https:\/\/consfrancoforte.esteri.it\/wp-content\/uploads\/2026\/02\/LocandinaFFM_ItaliainJazz.pdf\">Locandina\/Plakat<\/a><\/p>\n<p style=\"text-align: center;\"><strong>Homburg 21.03.2026, h 18:00 \u2013\u00a0 <\/strong>Pro Seniore (Gerberstr.18\/Homburg) \u2013<\/p>\n<p style=\"text-align: center;\">\u00a0Ticket\/Eintritt: 12,00 Euro<\/p>\n<p style=\"text-align: center;\">Anmeldung erforderlich bis 17.03.26: <a href=\"mailto:homburg.hohenburg@pro-seniore.com\">homburg.hohenburg@pro-seniore.com<\/a><\/p>\n<p style=\"text-align: center;\"><a href=\"https:\/\/consfrancoforte.esteri.it\/wp-content\/uploads\/2026\/02\/DEF_Homburg_ItinJazz.jpg\">Invito\/ Plakat<\/a><\/p>\n<p style=\"text-align: center;\"><em>Es spricht der k\u00fcnstlerische Leiter des Festivals Florio in Favignana: Maestro Giuseppe Scorzelli<\/em><\/p>\n<p style=\"text-align: center;\"><a href=\"https:\/\/www.festivalflorio.it\/\">Festival Florio edizione 2026<\/a><\/p>\n<p style=\"text-align: center;\">&#8212;&#8212;&#8212;&#8212;-<\/p>\n<p style=\"text-align: center;\"><strong><em>Salvo La Ferrera<\/em><\/strong> (Gagliano Castelferrato, Sizilien) ist ein international anerkannter Akkordeonist, Pianist, Komponist und Produzent. Seine musikalische Ausbildung begann er im Alter von 13 Jahren mit dem Schwerpunkt Klavier und Akkordeon \u2013 zwei Instrumente, die bis heute das Zentrum seiner k\u00fcnstlerischen Identit\u00e4t bilden.<\/p>\n<p><strong><em>Mit der Unterst\u00fctzung und unter der Schirmherrschaft des Ital. Generalkonsulats in Frankfurt am Main und die freundliche Kooperation vom Festival Florio di Favignana, Cantine Florio (Trapani), Comune di Favignana, Stadt Homburg (RP), Deutsch-Italienische Vereinigung &#8211; Frankfurt a.M.<\/em><\/strong><\/p>\n<p>&nbsp;<\/p>\n","protected":false},"excerpt":{"rendered":"\u201eItalia in Jazz\u201c ist eine kleine Konzertreihe, die darauf abzielt, talentierte italienische Jazzmusiker, die auf verschiedenen Instrumenten spielen und sowohl eigene Kompositionen als auch St\u00fccke anderer K\u00fcnstler auff\u00fchren, auf die B\u00fchne zu bringen und sie dem deutschen und italienischen Publikum n\u00e4herzubringen. Eine Musik, die Technik, Erfahrung und den Charme jazziger Kl\u00e4nge vereint, die durch ihre [&hellip;]","protected":false},"author":6,"featured_media":8827,"comment_status":"closed","ping_status":"closed","sticky":false,"template":"","format":"standard","meta":{"footnotes":""},"tags":[],"class_list":["post-9141","post","type-post","status-publish","format-standard","has-post-thumbnail","hentry"],"_links":{"self":[{"href":"https:\/\/consfrancoforte.esteri.it\/de\/wp-json\/wp\/v2\/posts\/9141","targetHints":{"allow":["GET"]}}],"collection":[{"href":"https:\/\/consfrancoforte.esteri.it\/de\/wp-json\/wp\/v2\/posts"}],"about":[{"href":"https:\/\/consfrancoforte.esteri.it\/de\/wp-json\/wp\/v2\/types\/post"}],"author":[{"embeddable":true,"href":"https:\/\/consfrancoforte.esteri.it\/de\/wp-json\/wp\/v2\/users\/6"}],"replies":[{"embeddable":true,"href":"https:\/\/consfrancoforte.esteri.it\/de\/wp-json\/wp\/v2\/comments?post=9141"}],"version-history":[{"count":6,"href":"https:\/\/consfrancoforte.esteri.it\/de\/wp-json\/wp\/v2\/posts\/9141\/revisions"}],"predecessor-version":[{"id":10153,"href":"https:\/\/consfrancoforte.esteri.it\/de\/wp-json\/wp\/v2\/posts\/9141\/revisions\/10153"}],"wp:featuredmedia":[{"embeddable":true,"href":"https:\/\/consfrancoforte.esteri.it\/de\/wp-json\/wp\/v2\/media\/8827"}],"wp:attachment":[{"href":"https:\/\/consfrancoforte.esteri.it\/de\/wp-json\/wp\/v2\/media?parent=9141"}],"wp:term":[{"taxonomy":"post_tag","embeddable":true,"href":"https:\/\/consfrancoforte.esteri.it\/de\/wp-json\/wp\/v2\/tags?post=9141"}],"curies":[{"name":"wp","href":"https:\/\/api.w.org\/{rel}","templated":true}]}}