{"id":5880,"date":"2025-05-19T12:27:23","date_gmt":"2025-05-19T10:27:23","guid":{"rendered":"https:\/\/consfrancoforte.esteri.it\/?p=5880"},"modified":"2025-04-02T12:32:43","modified_gmt":"2025-04-02T10:32:43","slug":"aufhebende-volksabstimmungen-am-8-u-9-juni-2025-in-italien-informationen-fuer-die-italienischen-waehlerinnen","status":"publish","type":"post","link":"https:\/\/consfrancoforte.esteri.it\/de\/news\/dal_consolato\/2025\/05\/aufhebende-volksabstimmungen-am-8-u-9-juni-2025-in-italien-informationen-fuer-die-italienischen-waehlerinnen\/","title":{"rendered":"AUFHEBENDE VOLKSABSTIMMUNGEN AM 8 und 9 JUNI 2025 IN ITALIEN \u2013 Informationen f\u00fcr die italienischen W\u00e4hler:innen"},"content":{"rendered":"<p>Sehr geehrte Damen und Herren,<\/p>\n<p>diese Seite wird nur <strong>auf Italienisch<\/strong> ver\u00f6ffentlicht. Bitte wechseln Sie die Sprache, falls Sie Informationen \u00fcber die Briefwahl f\u00fcr die Volksabstimmung suchen.<\/p>\n<p>Ihr Team beim Italienischen Generalkonsulat<\/p>\n","protected":false},"excerpt":{"rendered":"Sehr geehrte Damen und Herren, diese Seite wird nur auf Italienisch ver\u00f6ffentlicht. Bitte wechseln Sie die Sprache, falls Sie Informationen \u00fcber die Briefwahl f\u00fcr die Volksabstimmung suchen. Ihr Team beim Italienischen Generalkonsulat","protected":false},"author":6,"featured_media":0,"comment_status":"closed","ping_status":"closed","sticky":false,"template":"","format":"standard","meta":{"footnotes":""},"tags":[],"class_list":["post-5880","post","type-post","status-publish","format-standard","hentry"],"_links":{"self":[{"href":"https:\/\/consfrancoforte.esteri.it\/de\/wp-json\/wp\/v2\/posts\/5880","targetHints":{"allow":["GET"]}}],"collection":[{"href":"https:\/\/consfrancoforte.esteri.it\/de\/wp-json\/wp\/v2\/posts"}],"about":[{"href":"https:\/\/consfrancoforte.esteri.it\/de\/wp-json\/wp\/v2\/types\/post"}],"author":[{"embeddable":true,"href":"https:\/\/consfrancoforte.esteri.it\/de\/wp-json\/wp\/v2\/users\/6"}],"replies":[{"embeddable":true,"href":"https:\/\/consfrancoforte.esteri.it\/de\/wp-json\/wp\/v2\/comments?post=5880"}],"version-history":[{"count":2,"href":"https:\/\/consfrancoforte.esteri.it\/de\/wp-json\/wp\/v2\/posts\/5880\/revisions"}],"predecessor-version":[{"id":5886,"href":"https:\/\/consfrancoforte.esteri.it\/de\/wp-json\/wp\/v2\/posts\/5880\/revisions\/5886"}],"wp:attachment":[{"href":"https:\/\/consfrancoforte.esteri.it\/de\/wp-json\/wp\/v2\/media?parent=5880"}],"wp:term":[{"taxonomy":"post_tag","embeddable":true,"href":"https:\/\/consfrancoforte.esteri.it\/de\/wp-json\/wp\/v2\/tags?post=5880"}],"curies":[{"name":"wp","href":"https:\/\/api.w.org\/{rel}","templated":true}]}}