{"id":5439,"date":"2025-03-05T11:22:26","date_gmt":"2025-03-05T10:22:26","guid":{"rendered":"https:\/\/consfrancoforte.esteri.it\/?p=5439"},"modified":"2025-03-04T11:27:49","modified_gmt":"2025-03-04T10:27:49","slug":"heiliges-jahr-2025","status":"publish","type":"post","link":"https:\/\/consfrancoforte.esteri.it\/de\/news\/dal_consolato\/2025\/03\/heiliges-jahr-2025\/","title":{"rendered":"Heiliges Jahr 2025 &#8211; Dokufilm &#8222;Heiliges Jahr. Pilger in der Geschichte\u201c &#8211; 12. und 13. M\u00e4rz 2025 &#8211; Im Gespr\u00e4ch mit dem Historiker und Journalisten Mario Prignano"},"content":{"rendered":"<p style=\"text-align: center;\"><img loading=\"lazy\" decoding=\"async\" class=\"aligncenter size-medium wp-image-5380 img-fluid\" src=\"https:\/\/consfrancoforte.esteri.it\/wp-content\/uploads\/2025\/02\/Io-Isime-300x261.jpg\" alt=\"\" width=\"300\" height=\"261\" srcset=\"https:\/\/consfrancoforte.esteri.it\/wp-content\/uploads\/2025\/02\/Io-Isime-300x261.jpg 300w, https:\/\/consfrancoforte.esteri.it\/wp-content\/uploads\/2025\/02\/Io-Isime-768x668.jpg 768w, https:\/\/consfrancoforte.esteri.it\/wp-content\/uploads\/2025\/02\/Io-Isime.jpg 833w\" sizes=\"auto, (max-width: 300px) 100vw, 300px\" \/><\/p>\n<p>Anl\u00e4sslich des<strong> Jubil\u00e4ums 2025<\/strong> hat das Konsulat in Zusammenarbeit mit RAI Storia zwei Veranstaltungen mit dem <strong>Kirchenhistoriker und TG 1-Journalisten Mario Prignano<\/strong> organisiert.<\/p>\n<p>Mario Prignano wird am <strong>12. M\u00e4rz 2025 um 18.30 Uhr im Arch\u00e4ologischen Museum Frankfurt<\/strong> (Karmelitergasse 1\/FFM) zu Gast sein, w\u00e4hrend er <strong>am 13. M\u00e4rz um 18.00 Uhr an der Katholisch-Theologischen Fakult\u00e4t in Mainz<\/strong> (Wallstr. 7-7a, &#8211; 551222 Mainz &#8211; Raum\/H\u00f6rsaal: T 1) sprechen wird.<\/p>\n<p>In Frankfurt wird Dr. Kai-Michael Sprenger (Direktor der Stiftung Orte der deutschen Demokratiegeschichte\/Frankfurt) die Veranstaltung und das Gespr\u00e4ch leiten.<\/p>\n<p>In Mainz wird der Historiker Prignano mit Prof. Dr. Claus Arnold (Universit\u00e4t Mainz) ein Gespr\u00e4ch f\u00fchren. Dr. Marita Liebermann (Erbacher Hof &#8211; Akademie des Bistums Mainz) wird die Veranstaltung moderieren.<\/p>\n<p>An den beiden Abenden wird der von Mario Prignano konzipierte und von der RAI produzierte aktuelle Dokumentarfilm \u201eHeiliges Jahr. Pilger in der Geschichte\u201c (auf Italienisch mit englischen Untertiteln) sowie ein zweisprachiges Interview zu seinem j\u00fcngsten Buch \u201cAntipapi. Una Storia della Chiesa\u201c (Laterza, 2024) pr\u00e4sentiert.<\/p>\n<p>Der Dokumentarfilm beleuchtet die faszinierende Geschichte der Pilgerfahrten w\u00e4hrend der Heiligen Jahre und wurde erstmals am 23. Dezember 2024 auf Rai Storia ausgestrahlt.<\/p>\n<p>Beide Veranstaltungen werden zweisprachig (auf Italienisch und Deutsch) abgehalten.<\/p>\n<p><strong>Der Eintritt ist frei<\/strong>.<\/p>\n<p>Weitere Informationen zu den Veranstaltungen in Frankfurt und Mainz finden Sie unter diesen beiden Links:<\/p>\n<p><a href=\"https:\/\/archaeologisches-museum-frankfurt.de\/index.php\/de\/programm\/heiliges-jahr-2025---dokumentarfilm-und-buchpraesentation-mit-mario-prignano\">Francoforte 12.03.25<\/a><\/p>\n<p><a href=\"https:\/\/bistummainz.de\/bildung\/akademie\/veranstaltungen\/termine\/veranstaltung\/Anno-Santo-Pellegrini-Nella-Storia-Heiliges-Jahr.-Pilger-in-der-Geschichte\/?instancedate=1741885200000\">Magonza\u00a0\u00a0\u00a0\u00a0 13.03.25<\/a><\/p>\n<p>CV<\/p>\n<p><strong>Mario Prignano<\/strong> ist Fachjournalist und Chefredakteur von TG1. Er ist Mitglied der Italienischen Gesellschaft f\u00fcr Mittelalterliche Geschichte und der Italienischen Vereinigung der Professoren f\u00fcr Kirchengeschichte. Er hat die B\u00fccher <em>Il giornalismo politico<\/em> (Rubbettino, 2007), <em>Urbano VI. Il papa che non doveva essere eletto<\/em> (Marietti 1820, 2010), <em>Giovanni XXIII. L&#8217;antipapa che salv\u00f2 la Chiesa<\/em> (Morcelliana, 2019) und <em>Papa, non pi\u00f9 papa. La rinuncia pontificia nella storia e nel diritto canonico<\/em> (herausgegeben von, mit A. Feniello, Viella, 2022).<\/p>\n<p>&nbsp;<\/p>\n<p style=\"text-align: center;\"><img loading=\"lazy\" decoding=\"async\" class=\"aligncenter size-medium wp-image-5382 img-fluid\" src=\"https:\/\/consfrancoforte.esteri.it\/wp-content\/uploads\/2025\/02\/Prignano_Antipapi_Cover-200x300.jpg\" alt=\"\" width=\"200\" height=\"300\" srcset=\"https:\/\/consfrancoforte.esteri.it\/wp-content\/uploads\/2025\/02\/Prignano_Antipapi_Cover-200x300.jpg 200w, https:\/\/consfrancoforte.esteri.it\/wp-content\/uploads\/2025\/02\/Prignano_Antipapi_Cover-683x1024.jpg 683w, https:\/\/consfrancoforte.esteri.it\/wp-content\/uploads\/2025\/02\/Prignano_Antipapi_Cover-768x1152.jpg 768w, https:\/\/consfrancoforte.esteri.it\/wp-content\/uploads\/2025\/02\/Prignano_Antipapi_Cover.jpg 800w\" sizes=\"auto, (max-width: 200px) 100vw, 200px\" \/><\/p>\n<p><em>In Zusammenarbeit mit RAI STORIA, Archeologisches Museum Frankfurt, Erbacher Hof &#8211; Akademie des Bistums Mainz und Laterza Editori<\/em><\/p>\n","protected":false},"excerpt":{"rendered":"Anl\u00e4sslich des Jubil\u00e4ums 2025 hat das Konsulat in Zusammenarbeit mit RAI Storia zwei Veranstaltungen mit dem Kirchenhistoriker und TG 1-Journalisten Mario Prignano organisiert. Mario Prignano wird am 12. M\u00e4rz 2025 um 18.30 Uhr im Arch\u00e4ologischen Museum Frankfurt (Karmelitergasse 1\/FFM) zu Gast sein, w\u00e4hrend er am 13. M\u00e4rz um 18.00 Uhr an der Katholisch-Theologischen Fakult\u00e4t in [&hellip;]","protected":false},"author":6,"featured_media":5385,"comment_status":"closed","ping_status":"closed","sticky":false,"template":"","format":"standard","meta":{"footnotes":""},"tags":[],"class_list":["post-5439","post","type-post","status-publish","format-standard","has-post-thumbnail","hentry"],"_links":{"self":[{"href":"https:\/\/consfrancoforte.esteri.it\/de\/wp-json\/wp\/v2\/posts\/5439","targetHints":{"allow":["GET"]}}],"collection":[{"href":"https:\/\/consfrancoforte.esteri.it\/de\/wp-json\/wp\/v2\/posts"}],"about":[{"href":"https:\/\/consfrancoforte.esteri.it\/de\/wp-json\/wp\/v2\/types\/post"}],"author":[{"embeddable":true,"href":"https:\/\/consfrancoforte.esteri.it\/de\/wp-json\/wp\/v2\/users\/6"}],"replies":[{"embeddable":true,"href":"https:\/\/consfrancoforte.esteri.it\/de\/wp-json\/wp\/v2\/comments?post=5439"}],"version-history":[{"count":6,"href":"https:\/\/consfrancoforte.esteri.it\/de\/wp-json\/wp\/v2\/posts\/5439\/revisions"}],"predecessor-version":[{"id":5571,"href":"https:\/\/consfrancoforte.esteri.it\/de\/wp-json\/wp\/v2\/posts\/5439\/revisions\/5571"}],"wp:featuredmedia":[{"embeddable":true,"href":"https:\/\/consfrancoforte.esteri.it\/de\/wp-json\/wp\/v2\/media\/5385"}],"wp:attachment":[{"href":"https:\/\/consfrancoforte.esteri.it\/de\/wp-json\/wp\/v2\/media?parent=5439"}],"wp:term":[{"taxonomy":"post_tag","embeddable":true,"href":"https:\/\/consfrancoforte.esteri.it\/de\/wp-json\/wp\/v2\/tags?post=5439"}],"curies":[{"name":"wp","href":"https:\/\/api.w.org\/{rel}","templated":true}]}}