{"id":5132,"date":"2024-12-20T13:08:10","date_gmt":"2024-12-20T12:08:10","guid":{"rendered":"https:\/\/consfrancoforte.esteri.it\/?p=5132"},"modified":"2024-12-20T13:04:45","modified_gmt":"2024-12-20T12:04:45","slug":"bekanntmachung-fuer-die-einholung-von-unverbindlichen-interessenbekundungen-funktionelle-bauliche-und-anlagentechnische-sanierung","status":"publish","type":"post","link":"https:\/\/consfrancoforte.esteri.it\/de\/news\/dal_consolato\/2024\/12\/bekanntmachung-fuer-die-einholung-von-unverbindlichen-interessenbekundungen-funktionelle-bauliche-und-anlagentechnische-sanierung\/","title":{"rendered":"BEKANNTMACHUNG F\u00dcR DIE EINHOLUNG VON UNVERBINDLICHEN INTERESSENBEKUNDUNGEN &#8211; FUNKTIONELLE BAULICHE UND ANLAGENTECHNISCHE SANIERUNG"},"content":{"rendered":"<p><strong>BEKANNTMACHUNG F\u00dcR DIE EINHOLUNG VON UNVERBINDLICHEN INTERESSENBEKUNDUNGEN<\/strong><\/p>\n<p><strong>(Art. 10 Absatz 1 des Ministerialdekrets 192\/2017 \u2013 Einholung zur Auswahl von Wirtschaftsteilnehmern)<\/strong><\/p>\n<p><strong>\u00a0Technische Merkmale der Ma\u00dfnahme: <\/strong>Funktionelle bauliche und anlagentechnische Sanierung des Geb\u00e4udes Eschersheimer Landstra\u00dfe 23 f\u00fcr eine \u00f6ffentlich zug\u00e4ngliche B\u00fcronutzung &#8211; Gesch\u00e4tzte Kosten ca. 3,5 Mio. Euro, Gesch\u00e4tzte Dauer ca. 550 Tage<\/p>\n<p><strong>Allgemeine Anforderungen<\/strong>: keine Ausschlussgr\u00fcnde gem. Artikel 57 Richtlinie 2014\/24\/EU, gem. Art. 9 del D.M. 192\/2017, gem. Artt. 94 e 95 del D.LGS. 36\/2023 Italienisches Gesetz und die entsprechenden deutschen Rechtsvorschriften.<\/p>\n<p>Pr\u00e4qualifizierte Personen sind nach den einschl\u00e4gigen deutschen Vorschriften, f\u00fcr die Kategorie 611.02 beim \u201eVerein f\u00fcr die Pr\u00e4qualifikation von Bauunternehmen e.V\u201c registriert.<\/p>\n<p><strong>\u00a0<\/strong><strong>Wirtschaftlich-finanzielle Leistungsf\u00e4higkeit<\/strong>:<\/p>\n<p>Mindestjahresumsatz in H\u00f6he des 0,9-fachen des gesch\u00e4tzten Wertes in den drei besten Gesch\u00e4ftsjahren der letzten f\u00fcnf Jahre (2019 &#8211; 2023).<\/p>\n<p>&nbsp;<\/p>\n<p><strong>Technische und berufliche F\u00e4higkeiten<\/strong>:<\/p>\n<p>Referenzen \u00fcber regelm\u00e4\u00dfig ausgef\u00fchrte Arbeiten in den letzten 10 (zehn) Jahren (2014 &#8211; 2023) mit folgenden Mindestmerkmalen:<\/p>\n<p>&nbsp;<\/p>\n<p>Abschluss von Sanierungsarbeiten an mindestens einem Geb\u00e4ude f\u00fcr \u00f6ffentliche oder private Verwaltungszwecke.<\/p>\n<p>Der Referenzsanierungsauftrag muss folgende Merkmale aufweisen;<\/p>\n<ul>\n<li>Der Gegenstand des Sanierungsauftrages muss eine Gesamtnutzfl\u00e4che von mindestens 1.400 Quadratmetern haben;<\/li>\n<li>Direkte Ausf\u00fchrung bzw. Leitung der Arbeiten als Hauptauftraggeber von folgenden Ma\u00dfnahmen:<\/li>\n<\/ul>\n<ol>\n<li>Beseitigung und Entsorgung von Schadstoffen gem\u00e4\u00df den \u00f6rtlichen Vorschriften,<\/li>\n<li>Heizungs-\/Warmwasserinstallationsarbeiten mit einer Kesselleistung von mindestens 160 kW,<\/li>\n<li>Installation von Klimaanlagen mit einer Nennk\u00e4lteleistung des Kessels von mindestens 30 kW.<\/li>\n<\/ol>\n<ul>\n<li>Das Unternehmen muss \u00fcber mindestens f\u00fcnf Mitarbeiter mit der Qualifikation und dem Abschluss eines Technischen Leitungspersonals verf\u00fcgen, von denen mindestens einen Bauingenieur (gem. der deutschen Gesetzgebung) und einen Ingenieur f\u00fcr technische Systeme (gem. der deutschen Gesetzgebung).<\/li>\n<\/ul>\n<p>&nbsp;<\/p>\n<p>Das Generalkonsulat beh\u00e4lt sich das Recht vor, die Anforderungen und Referenzen stichprobenartig zu \u00fcberpr\u00fcfen.<\/p>\n<p>Das Generalkonsulat beh\u00e4lt sich das Recht vor, Unternehmen, die sich f\u00fcr das vorliegende Vergabeverfahren angemeldet haben, direkt zu kontaktieren, um die Unterzeichnung einer rechtsverbindlichen Erkl\u00e4rung durch den gesetzlichen Vertreter hinsichtlich der Erf\u00fcllung und des Besitzes der oben beschriebenen Anforderungen zum Zeitpunkt der Unterzeichnung einzuholen.<\/p>\n<p>Die o. g. Erkl\u00e4rung m\u00fcssen die Zustimmung zur Verarbeitung der Daten zu Datenschutzzwecken enthalten.<\/p>\n<p>Sollte die Datenschutzerkl\u00e4rung nicht enthalten sein, wird der Wirtschaftsteilnehmer, unabh\u00e4ngig von der Erf\u00fcllung der restlichen Voraussetzungen, vom Vergabeverfahren ausgeschlossen.<\/p>\n<p>Das Generalkonsulat wird die Wirtschaftsteilnehmer, die alle hier beschriebenen Anforderungen ausnahmslos erf\u00fcllen, direkt zur Abgabe eines wirtschaftlichen Angebots schriftlich auffordern. Die Aufforderungsmitteilung wird Hinweise zur Abwicklung des Verfahrens, die Kriterien f\u00fcr die Bewertung der Angebote und f\u00fcr die Vergabe des Auftrags enthalten.<\/p>\n<p>Diese Mitteilung bleibt mindestens 30 Tage ab dem Datum der Ver\u00f6ffentlichung g\u00fcltig. Das Generalkonsulat wird Sie auf dieser Website benachrichtigen, wenn die Mitteilung nicht mehr g\u00fcltig ist.<\/p>\n<p><strong>Bitte \u00fcbersenden Sie Ihre Interessenbekundung an folgende E-Mail-Adresse:\u00a0 <\/strong><a href=\"mailto:segr.francoforte@esteri.it\"><strong>segr.francoforte@esteri.it<\/strong><\/a><strong>.<\/strong><\/p>\n<p>Datum der Ver\u00f6ffentlichung: 20. Dezember 2024<\/p>\n","protected":false},"excerpt":{"rendered":"BEKANNTMACHUNG F\u00dcR DIE EINHOLUNG VON UNVERBINDLICHEN INTERESSENBEKUNDUNGEN (Art. 10 Absatz 1 des Ministerialdekrets 192\/2017 \u2013 Einholung zur Auswahl von Wirtschaftsteilnehmern) \u00a0Technische Merkmale der Ma\u00dfnahme: Funktionelle bauliche und anlagentechnische Sanierung des Geb\u00e4udes Eschersheimer Landstra\u00dfe 23 f\u00fcr eine \u00f6ffentlich zug\u00e4ngliche B\u00fcronutzung &#8211; Gesch\u00e4tzte Kosten ca. 3,5 Mio. Euro, Gesch\u00e4tzte Dauer ca. 550 Tage Allgemeine Anforderungen: keine Ausschlussgr\u00fcnde [&hellip;]","protected":false},"author":9,"featured_media":0,"comment_status":"closed","ping_status":"closed","sticky":false,"template":"","format":"standard","meta":{"footnotes":""},"tags":[],"class_list":["post-5132","post","type-post","status-publish","format-standard","hentry"],"_links":{"self":[{"href":"https:\/\/consfrancoforte.esteri.it\/de\/wp-json\/wp\/v2\/posts\/5132","targetHints":{"allow":["GET"]}}],"collection":[{"href":"https:\/\/consfrancoforte.esteri.it\/de\/wp-json\/wp\/v2\/posts"}],"about":[{"href":"https:\/\/consfrancoforte.esteri.it\/de\/wp-json\/wp\/v2\/types\/post"}],"author":[{"embeddable":true,"href":"https:\/\/consfrancoforte.esteri.it\/de\/wp-json\/wp\/v2\/users\/9"}],"replies":[{"embeddable":true,"href":"https:\/\/consfrancoforte.esteri.it\/de\/wp-json\/wp\/v2\/comments?post=5132"}],"version-history":[{"count":1,"href":"https:\/\/consfrancoforte.esteri.it\/de\/wp-json\/wp\/v2\/posts\/5132\/revisions"}],"predecessor-version":[{"id":5135,"href":"https:\/\/consfrancoforte.esteri.it\/de\/wp-json\/wp\/v2\/posts\/5132\/revisions\/5135"}],"wp:attachment":[{"href":"https:\/\/consfrancoforte.esteri.it\/de\/wp-json\/wp\/v2\/media?parent=5132"}],"wp:term":[{"taxonomy":"post_tag","embeddable":true,"href":"https:\/\/consfrancoforte.esteri.it\/de\/wp-json\/wp\/v2\/tags?post=5132"}],"curies":[{"name":"wp","href":"https:\/\/api.w.org\/{rel}","templated":true}]}}