{"id":1038,"date":"2016-09-27T11:03:05","date_gmt":"2016-09-27T09:03:05","guid":{"rendered":"https:\/\/consfrancoforte.esteri.it\/news\/dal_consolato\/2016\/09\/referendum-2\/"},"modified":"2016-09-27T11:03:05","modified_gmt":"2016-09-27T09:03:05","slug":"referendum-2","status":"publish","type":"post","link":"https:\/\/consfrancoforte.esteri.it\/de\/news\/dal_consolato\/2016\/09\/referendum-2\/","title":{"rendered":"Volksabstimmung am 28. Mai 2017"},"content":{"rendered":"<p>Sehr geehrte Damen und Herren,<\/p>\n<p>diese Seite wird nur <strong>auf Italienisch<\/strong> ver\u00f6ffentlicht. Bitte wechseln Sie die Sprache, falls Sie Informationen \u00fcber die Briefwahl f\u00fcr die Volksabstimmung suchen.<\/p>\n<p>Ihr Team beim Italienischen Generalkonsulat <\/p>\n<p><\/p>\n","protected":false},"excerpt":{"rendered":"Sehr geehrte Damen und Herren, diese Seite wird nur auf Italienisch ver\u00f6ffentlicht. Bitte wechseln Sie die Sprache, falls Sie Informationen \u00fcber die Briefwahl f\u00fcr die Volksabstimmung suchen. Ihr Team beim Italienischen Generalkonsulat","protected":false},"author":1,"featured_media":0,"comment_status":"","ping_status":"","sticky":false,"template":"","format":"standard","meta":{"footnotes":""},"tags":[29],"class_list":["post-1038","post","type-post","status-publish","format-standard","hentry","tag-n"],"_links":{"self":[{"href":"https:\/\/consfrancoforte.esteri.it\/de\/wp-json\/wp\/v2\/posts\/1038","targetHints":{"allow":["GET"]}}],"collection":[{"href":"https:\/\/consfrancoforte.esteri.it\/de\/wp-json\/wp\/v2\/posts"}],"about":[{"href":"https:\/\/consfrancoforte.esteri.it\/de\/wp-json\/wp\/v2\/types\/post"}],"author":[{"embeddable":true,"href":"https:\/\/consfrancoforte.esteri.it\/de\/wp-json\/wp\/v2\/users\/1"}],"replies":[{"embeddable":true,"href":"https:\/\/consfrancoforte.esteri.it\/de\/wp-json\/wp\/v2\/comments?post=1038"}],"version-history":[{"count":0,"href":"https:\/\/consfrancoforte.esteri.it\/de\/wp-json\/wp\/v2\/posts\/1038\/revisions"}],"wp:attachment":[{"href":"https:\/\/consfrancoforte.esteri.it\/de\/wp-json\/wp\/v2\/media?parent=1038"}],"wp:term":[{"taxonomy":"post_tag","embeddable":true,"href":"https:\/\/consfrancoforte.esteri.it\/de\/wp-json\/wp\/v2\/tags?post=1038"}],"curies":[{"name":"wp","href":"https:\/\/api.w.org\/{rel}","templated":true}]}}